{"id":3150,"date":"2013-05-10T16:08:06","date_gmt":"2013-05-10T14:08:06","guid":{"rendered":"http:\/\/bassline-bass.de\/?p=3150"},"modified":"2013-05-10T16:08:06","modified_gmt":"2013-05-10T14:08:06","slug":"bassline-auf-der-musikmesse-2013","status":"publish","type":"post","link":"https:\/\/bassline-bass.de\/en\/bassline-auf-der-musikmesse-2013\/","title":{"rendered":"BassLine auf der Musikmesse 2013"},"content":{"rendered":"<p>Fabian und Phil sind am ersten Tag der Musikmesse in Frankfurt gewesen. Mit dabei: Einer der ersten re:belle B\u00e4sse, welchen Pickupwickler Harry H\u00e4ussel bei sich am Stand pr\u00e4sentiert hat. Der israelische Bassvirtuose <a title=\"Or Lubianiker\" href=\"http:\/\/www.facebook.com\/RuleofThump\" target=\"_blank\">Or Lubianiker<\/a> hat dort ausserdem das Instrument\u00a0f\u00fcr die online-Plattform <a title=\"Basstheworld\" href=\"www.youtube.com\/user\/basstheworldbyvideo\" target=\"_blank\">Basstheworld.com<\/a> getestet. Herausgekommen ist ein sch\u00f6nes Video mit den einzigen Sonnenstrahlen an diesem Tag. Ein sch\u00f6ner, aber nat\u00fcrlich auch anstrengender Tag mit vielen bekannten Gesichtern aus der netten deutschen Bassbauerszene &#8230; und viel Lautst\u00e4rke.<\/p>\n<p>Viel Spa\u00df mit dem Video von Or.<\/p>\n<p><iframe loading=\"lazy\" src=\"https:\/\/www.youtube.com\/embed\/DOvX4XlC0zg\" frameborder=\"0\" width=\"853\" height=\"480\"><\/iframe><\/p>\n<div class=\"hr\"><!-- --><\/div>\n\t\t\t\t\t\t<div class=\"gallery_box_single\">\n\t\t\t\t\t\t\t\t\t\t\t\t\t<\/div><!-- .gallery_box_single -->\n\t\t\t\t\t\t<div class=\"gllr_clear\"><\/div>\n\t\t\t\t\t\n","protected":false},"excerpt":{"rendered":"<p>Fabian und Phil sind am ersten Tag der Musikmesse in Frankfurt gewesen. Mit dabei: Einer der ersten re:belle B\u00e4sse, welchen Pickupwickler Harry H\u00e4ussel bei sich am Stand pr\u00e4sentiert hat. Der israelische Bassvirtuose Or Lubianiker hat dort ausserdem das Instrument\u00a0f\u00fcr die online-Plattform Basstheworld.com getestet. Herausgekommen ist ein sch\u00f6nes Video mit den einzigen Sonnenstrahlen an diesem Tag. Ein sch\u00f6ner, aber nat\u00fcrlich auch&nbsp;&rarr;&nbsp;<a href=\"https:\/\/bassline-bass.de\/en\/gallery\/musikmesse-2013\/\" class=\"read-more\">read more<\/a><\/p>\n","protected":false},"author":2,"featured_media":3159,"comment_status":"closed","ping_status":"open","sticky":false,"template":"","format":"standard","meta":[],"categories":[3],"tags":[],"_links":{"self":[{"href":"https:\/\/bassline-bass.de\/en\/wp-json\/wp\/v2\/posts\/3150"}],"collection":[{"href":"https:\/\/bassline-bass.de\/en\/wp-json\/wp\/v2\/posts"}],"about":[{"href":"https:\/\/bassline-bass.de\/en\/wp-json\/wp\/v2\/types\/post"}],"author":[{"embeddable":true,"href":"https:\/\/bassline-bass.de\/en\/wp-json\/wp\/v2\/users\/2"}],"replies":[{"embeddable":true,"href":"https:\/\/bassline-bass.de\/en\/wp-json\/wp\/v2\/comments?post=3150"}],"version-history":[{"count":0,"href":"https:\/\/bassline-bass.de\/en\/wp-json\/wp\/v2\/posts\/3150\/revisions"}],"wp:featuredmedia":[{"embeddable":true,"href":"https:\/\/bassline-bass.de\/en\/wp-json\/wp\/v2\/media\/3159"}],"wp:attachment":[{"href":"https:\/\/bassline-bass.de\/en\/wp-json\/wp\/v2\/media?parent=3150"}],"wp:term":[{"taxonomy":"category","embeddable":true,"href":"https:\/\/bassline-bass.de\/en\/wp-json\/wp\/v2\/categories?post=3150"},{"taxonomy":"post_tag","embeddable":true,"href":"https:\/\/bassline-bass.de\/en\/wp-json\/wp\/v2\/tags?post=3150"}],"curies":[{"name":"wp","href":"https:\/\/api.w.org\/{rel}","templated":true}]}}