{"id":9312,"date":"2023-09-22T16:53:57","date_gmt":"2023-09-22T14:53:57","guid":{"rendered":"https:\/\/bassline-bass.de\/?p=9312"},"modified":"2024-06-03T13:56:22","modified_gmt":"2024-06-03T11:56:22","slug":"4-11-tag-der-offenen-tuer","status":"publish","type":"post","link":"https:\/\/bassline-bass.de\/en\/4-11-tag-der-offenen-tuer\/","title":{"rendered":"4.11.: Tag der offenen Tuer"},"content":{"rendered":"\n<p><strong>zum 30j\u00e4hrigen Jubil\u00e4um.<\/strong><\/p>\n\n\n\n<p>So ganz ohne eine kleine Feier d\u00fcrfen wir das Jahr 2023 nicht verstreichen lassen. Da wir ja immer im Herbst einen kleinen Tag der offenen T\u00fcr veranstalten, \u00f6ffnen wir in diesem f\u00fcr uns doch sehr turbulenten Jahr die T\u00fcr einfach ein wenig weiter und zelebrieren in diesem Zuge in kleinem Rahmen unser Firmenjubil\u00e4um.<\/p>\n\n\n\n<p>Da wir im Fr\u00fchjahr unser Ladenlokal ein wenig luftiger gestaltet haben, k\u00f6nnen wir hier jetzt sogar kleine Konzerte bei uns stattfinden lassen und eine PA aufbauen. Und das tun wir dann auch. Zusammen mit einigen neuen Instrumenten pr\u00e4sentieren wir am 4. November unseren langj\u00e4hrigen Weggef\u00e4hrten <a href=\"https:\/\/bassline-bass.de\/team-view\/duy-luong\/\">Duy Luong<\/a>, der einerseits seinen BassLine re:belle series 5 32\u201c Singlecut mitbringt und andererseits auch den talentierten Tastenakrobaten Henning Neidhardt. <\/p>\n\n\n\n<p>&#8222;<em>Henning Neidhardt ist Pianist, Komponist und Sound Designer. Der Wahl-Krefelder verbindet in seinen Ambient Sets elektroakustische Elemente mit Field-Recordings die er auf seinen zahlreichen Reisen aufnahm. So entstehen seine Klang-Skulpturen die es schaffen Sch\u00f6nes mit H\u00e4sslichem, Warmem mit Kaltem und Futuristischem mit Nostalgischem zu verschmelzen.\u201d<\/em><\/p>\n\n\n\n<p>Luong \/ Neidhardt ab 16.30 Uhr<\/p>\n\n\n\n<figure class=\"wp-block-gallery columns-2 is-cropped\"><ul class=\"blocks-gallery-grid\"><li class=\"blocks-gallery-item\"><figure><img loading=\"lazy\" width=\"817\" height=\"1024\" src=\"https:\/\/bassline-bass.de\/wp-content\/uploads\/2023\/09\/Luong-817x1024.jpg\" alt=\"\" data-id=\"9322\" data-full-url=\"https:\/\/bassline-bass.de\/wp-content\/uploads\/2023\/09\/Luong.jpg\" data-link=\"https:\/\/bassline-bass.de\/4-11-tag-der-offenen-tuer\/luong\/\" class=\"wp-image-9322\" srcset=\"https:\/\/bassline-bass.de\/wp-content\/uploads\/2023\/09\/Luong-817x1024.jpg 817w, https:\/\/bassline-bass.de\/wp-content\/uploads\/2023\/09\/Luong-240x300.jpg 240w, https:\/\/bassline-bass.de\/wp-content\/uploads\/2023\/09\/Luong-120x150.jpg 120w, https:\/\/bassline-bass.de\/wp-content\/uploads\/2023\/09\/Luong-768x962.jpg 768w, https:\/\/bassline-bass.de\/wp-content\/uploads\/2023\/09\/Luong.jpg 958w\" sizes=\"(max-width: 817px) 100vw, 817px\" \/><\/figure><\/li><li class=\"blocks-gallery-item\"><figure><img loading=\"lazy\" width=\"817\" height=\"1024\" src=\"https:\/\/bassline-bass.de\/wp-content\/uploads\/2023\/09\/Neidhardt-817x1024.jpg\" alt=\"\" data-id=\"9323\" data-full-url=\"https:\/\/bassline-bass.de\/wp-content\/uploads\/2023\/09\/Neidhardt.jpg\" data-link=\"https:\/\/bassline-bass.de\/4-11-tag-der-offenen-tuer\/neidhardt\/\" class=\"wp-image-9323\" srcset=\"https:\/\/bassline-bass.de\/wp-content\/uploads\/2023\/09\/Neidhardt-817x1024.jpg 817w, https:\/\/bassline-bass.de\/wp-content\/uploads\/2023\/09\/Neidhardt-240x300.jpg 240w, https:\/\/bassline-bass.de\/wp-content\/uploads\/2023\/09\/Neidhardt-120x150.jpg 120w, https:\/\/bassline-bass.de\/wp-content\/uploads\/2023\/09\/Neidhardt-768x962.jpg 768w, https:\/\/bassline-bass.de\/wp-content\/uploads\/2023\/09\/Neidhardt.jpg 958w\" sizes=\"(max-width: 817px) 100vw, 817px\" \/><\/figure><\/li><\/ul><\/figure>\n\n\n\n<p>Zusammen werden uns die beiden Absolventen der Essener Folkwang hier gewaltig den Kopf verdrehen und uns zeigen wozu BassLine-Instrumente in der Lage &#8211; und in welchen musikalischen Gefilden sie zu Hause sind. Henning bringt modulare Synthesizer und gesammelte Fieldrecordings mit und Duy sein Arsenal an Effektger\u00e4ten. <a href=\"https:\/\/bassline-bass.de\/build-your-bass-63\/\">Und eben seinen Bass den wir hier zusammen gebaut haben. <\/a>Es gibt also ganz sch\u00f6n viel zu entdecken.<\/p>\n\n\n\n<p>Wir starten um 14 Uhr, Henning und Duy haben sich f\u00fcr 16.30 Uhr angek\u00fcndigt.<\/p>\n\n\n\n<figure class=\"wp-block-image size-large is-resized\"><img loading=\"lazy\" src=\"https:\/\/bassline-bass.de\/wp-content\/uploads\/2023\/09\/Luong_Neidhardt-1024x1024.jpg\" alt=\"\" class=\"wp-image-9314\" width=\"512\" height=\"512\" srcset=\"https:\/\/bassline-bass.de\/wp-content\/uploads\/2023\/09\/Luong_Neidhardt-1024x1024.jpg 1024w, https:\/\/bassline-bass.de\/wp-content\/uploads\/2023\/09\/Luong_Neidhardt-300x300.jpg 300w, https:\/\/bassline-bass.de\/wp-content\/uploads\/2023\/09\/Luong_Neidhardt-150x150.jpg 150w, https:\/\/bassline-bass.de\/wp-content\/uploads\/2023\/09\/Luong_Neidhardt-768x768.jpg 768w, https:\/\/bassline-bass.de\/wp-content\/uploads\/2023\/09\/Luong_Neidhardt-66x66.jpg 66w, https:\/\/bassline-bass.de\/wp-content\/uploads\/2023\/09\/Luong_Neidhardt.jpg 1080w\" sizes=\"(max-width: 512px) 100vw, 512px\" \/><figcaption>Luong \/ Neidhardt &#8211;&gt; <a href=\"https:\/\/www.instagram.com\/p\/CwkEVhasleP\/?hl=de\">Screenshot Instagram<\/a><\/figcaption><\/figure>\n\n\n\n<p><a class=\"\" href=\"https:\/\/duy-luong.com\/\">https:\/\/duy-luong.com\/<\/a><\/p>\n\n\n\n<p><a class=\"\" href=\"https:\/\/henningneidhardt.de\/\">https:\/\/henningneidhardt.de\/<\/a><\/p>\n\n\n\n<p>F\u00fcr abends haben sich dann noch Patric Siewert am Worp 6 fretless und Sebastian Wiemh\u00f6fer an der Gitarre angek\u00fcndigt.<\/p>\n\n\n\n<figure class=\"wp-block-image size-large is-resized\"><img loading=\"lazy\" src=\"https:\/\/bassline-bass.de\/wp-content\/uploads\/2023\/09\/Wiemhoefer_Siewert-1024x683.jpg\" alt=\"\" class=\"wp-image-9326\" width=\"768\" height=\"512\" srcset=\"https:\/\/bassline-bass.de\/wp-content\/uploads\/2023\/09\/Wiemhoefer_Siewert-1024x683.jpg 1024w, https:\/\/bassline-bass.de\/wp-content\/uploads\/2023\/09\/Wiemhoefer_Siewert-300x200.jpg 300w, https:\/\/bassline-bass.de\/wp-content\/uploads\/2023\/09\/Wiemhoefer_Siewert-150x100.jpg 150w, https:\/\/bassline-bass.de\/wp-content\/uploads\/2023\/09\/Wiemhoefer_Siewert-768x512.jpg 768w, https:\/\/bassline-bass.de\/wp-content\/uploads\/2023\/09\/Wiemhoefer_Siewert-1536x1024.jpg 1536w, https:\/\/bassline-bass.de\/wp-content\/uploads\/2023\/09\/Wiemhoefer_Siewert.jpg 1596w\" sizes=\"(max-width: 768px) 100vw, 768px\" \/><\/figure>\n\n\n\n<p>Der Eintritt ist nat\u00fcrlich frei!<\/p>\n\n\n\n<p>Wir freuen uns auf Euch!<\/p>\n\n\n\n<p>Jan, Phil, R\u00fcdiger &amp; Martina<\/p>\n\n\n\n<p><\/p>\n\n\n\n<hr class=\"wp-block-separator\"\/>\n\n\n\n<div class=\"wp-block-group\"><div class=\"wp-block-group__inner-container\">\n<pre class=\"wp-block-preformatted\"><strong>BassLine \u2013 Manufaktur und Reparatur<\/strong>\n\n<strong>Tag der offenen T\u00fcr zum 30. Firmenjubil\u00e4um<\/strong>\n<strong>\nSa. 4. November 2023\n14 - 20 Uhr\nKonzert Luong &amp; Neidhardt: 16.30 Uhr<\/strong>\n<strong>Konzert Siewert &amp; Wiemh\u00f6fer: gegen 18:45 Uhr\n47839 Krefeld-H\u00fcls\nM\u00fchlenweg 52<\/strong><\/pre>\n<\/div><\/div>\n","protected":false},"excerpt":{"rendered":"<p>Zum 30. Firmenjubil\u00e4um! So ganz ohne eine kleine Feier d\u00fcrfen wir das Jahr 2023 nicht verstreichen lassen. Da wir ja immer im Herbst einen kleinen Tag der offenen T\u00fcr veranstalten, \u00f6ffnen wir in diesem f\u00fcr uns doch sehr turbulenten Jahr die T\u00fcr einfach ein wenig weiter und zelebrieren in diesem Zuge in kleinem Rahmen unser Firmenjubil\u00e4um.<\/p>\n","protected":false},"author":2,"featured_media":9316,"comment_status":"closed","ping_status":"open","sticky":false,"template":"","format":"standard","meta":[],"categories":[3],"tags":[],"_links":{"self":[{"href":"https:\/\/bassline-bass.de\/en\/wp-json\/wp\/v2\/posts\/9312"}],"collection":[{"href":"https:\/\/bassline-bass.de\/en\/wp-json\/wp\/v2\/posts"}],"about":[{"href":"https:\/\/bassline-bass.de\/en\/wp-json\/wp\/v2\/types\/post"}],"author":[{"embeddable":true,"href":"https:\/\/bassline-bass.de\/en\/wp-json\/wp\/v2\/users\/2"}],"replies":[{"embeddable":true,"href":"https:\/\/bassline-bass.de\/en\/wp-json\/wp\/v2\/comments?post=9312"}],"version-history":[{"count":11,"href":"https:\/\/bassline-bass.de\/en\/wp-json\/wp\/v2\/posts\/9312\/revisions"}],"predecessor-version":[{"id":9431,"href":"https:\/\/bassline-bass.de\/en\/wp-json\/wp\/v2\/posts\/9312\/revisions\/9431"}],"wp:featuredmedia":[{"embeddable":true,"href":"https:\/\/bassline-bass.de\/en\/wp-json\/wp\/v2\/media\/9316"}],"wp:attachment":[{"href":"https:\/\/bassline-bass.de\/en\/wp-json\/wp\/v2\/media?parent=9312"}],"wp:term":[{"taxonomy":"category","embeddable":true,"href":"https:\/\/bassline-bass.de\/en\/wp-json\/wp\/v2\/categories?post=9312"},{"taxonomy":"post_tag","embeddable":true,"href":"https:\/\/bassline-bass.de\/en\/wp-json\/wp\/v2\/tags?post=9312"}],"curies":[{"name":"wp","href":"https:\/\/api.w.org\/{rel}","templated":true}]}}